{"id":2528,"date":"2026-03-10T09:31:32","date_gmt":"2026-03-10T08:31:32","guid":{"rendered":"https:\/\/joaquimmolinsfigueras.org\/webnew\/?p=2528"},"modified":"2026-03-10T11:16:53","modified_gmt":"2026-03-10T10:16:53","slug":"test","status":"publish","type":"post","link":"https:\/\/joaquimmolinsfigueras.org\/webnew\/2026\/03\/test\/","title":{"rendered":"La Fundaci\u00f3n Joaquim Molins Figueras celebra 25 a\u00f1os consolidando su impacto en la sociedad"},"content":{"rendered":"<p>La Fundaci\u00f3n Joaquim Molins Figueras, cuya actividad gira en torno a la acci\u00f3n social, celebra este a\u00f1o 2026 su 25\u00ba aniversario. Esta trayectoria permite a la entidad capitalizar la experiencia adquirida y los hitos alcanzados, proyectando simult\u00e1neamente una visi\u00f3n renovada hacia los desaf\u00edos futuros.<\/p>\n<p>Desde 2001, la Fundaci\u00f3n Joaquim Molins Figueras articula su intervenci\u00f3n social a trav\u00e9s de tres \u00e1reas de actuaci\u00f3n: formaci\u00f3n, comunidad e investigaci\u00f3n. Este modelo se ejecuta mediante programas espec\u00edficos como las Becas Marta, las Aulas Taller y las C\u00e1tedras de Investigaci\u00f3n, orientados al desarrollo integral de la infancia, la adolescencia y la juventud, impactando a m\u00e1s de 4.000 personas en el \u00faltimo a\u00f1o.<\/p>\n<p>La Fundaci\u00f3n proyecta la visi\u00f3n pionera de Joaquim Molins Figueras, transformando sus principios fundacionales en un modelo de compromiso colectivo. El prop\u00f3sito de la Fundaci\u00f3n se enfoca en el acompa\u00f1amiento de ni\u00f1os, ni\u00f1as y j\u00f3venes, facilitando los recursos necesarios para garantizar su progresi\u00f3n y capacitaci\u00f3n integral en entornos de vulnerabilidad.<\/p>\n<p>Hoy, esta nueva etapa se expresa a trav\u00e9s de una nueva identidad, con un nuevo logotipo y un nuevo lema: \u201cJ\u00f3venes con futuro\u201d. Y se estructura con una renovada misi\u00f3n y visi\u00f3n profesional, orientada a resultados, en la que se pone en valor el trabajo que se realiza con aliados estrat\u00e9gicos porque \u201cCreemos firmemente que juntos, sumando esfuerzos con nuestros aliados, es la mejor decisi\u00f3n\u201d, seg\u00fan afirma Joaqu\u00edn Mar\u00eda Molins Gil, presidente de la Fundaci\u00f3n. Gracias a la colaboraci\u00f3n con entidades sociales, administraciones p\u00fablicas y empresas, la Fundaci\u00f3n Joaquim Molins Figueras ha consolidado una red de apoyo que, en la actualidad, permite alcanzar un mayor n\u00famero de personas<\/p>\n<p>Con motivo del 25 aniversario, la Fundaci\u00f3n ha preparado un programa especial de actividades que se desarrollar\u00e1 a lo largo de 2026. Entre ellas se incluye un acto institucional con colaboradores y beneficiarios, \u201cun evento conmemorativo para compartir con todos lo<br \/>\nque hemos conseguido y difundir nuestro prop\u00f3sito de futuro\u201d asegura el presidente de la Fundaci\u00f3n.<\/p>\n<h5><strong>Sobre la Fundaci\u00f3n Joaquim Molins Figueras<\/strong><\/h5>\n<p>La Fundaci\u00f3n Joaquim Molins Figueras es una organizaci\u00f3n sin \u00e1nimo de lucro creada en 2001 con el prop\u00f3sito de ayudar a j\u00f3venes a construir su futuro, conectando sus aspiraciones con oportunidades reales para avanzar. A trav\u00e9s de programas de formaci\u00f3n, investigaci\u00f3n y acompa\u00f1amiento, la entidad trabaja con ni\u00f1os, ni\u00f1as, adolescentes y j\u00f3venes, actuando como acelerador del cambio, impulsando y conectando proyectos sociales con alto potencial transformador.<\/p>\n<h5><strong>Contacto para medios<\/strong><\/h5>\n<p>Fundaci\u00f3n Joaquim Molins Figueras<br \/>\nEmail: info@joaquimmolinsfigueras.org<br \/>\nWeb: www.joaquinmolinsfigueras.com<\/p>\n","protected":false},"excerpt":{"rendered":"<p>La Fundaci\u00f3n Joaquim Molins Figueras, cuya actividad gira en torno a la acci\u00f3n social, celebra este a\u00f1o 2026 su 25\u00ba aniversario.<\/p>\n","protected":false},"author":1,"featured_media":0,"comment_status":"closed","ping_status":"closed","sticky":false,"template":"","format":"standard","meta":{"_et_pb_use_builder":"","_et_pb_old_content":"","_et_gb_content_width":"","footnotes":""},"categories":[1],"tags":[],"yoast_head":"<!-- This site is optimized with the Yoast SEO plugin v22.9 - https:\/\/yoast.com\/wordpress\/plugins\/seo\/ -->\n<title>La Fundaci\u00f3n Joaquim Molins Figueras celebra 25 a\u00f1os consolidando su impacto en la sociedad - Fundaci\u00f3 Joaquim Molins Figueras<\/title>\n<meta name=\"robots\" content=\"noindex, follow, max-snippet:-1, max-image-preview:large, max-video-preview:-1\" \/>\n<meta property=\"og:locale\" content=\"es_ES\" \/>\n<meta property=\"og:type\" content=\"article\" \/>\n<meta property=\"og:title\" content=\"La Fundaci\u00f3n Joaquim Molins Figueras celebra 25 a\u00f1os consolidando su impacto en la sociedad - Fundaci\u00f3 Joaquim Molins Figueras\" \/>\n<meta property=\"og:description\" content=\"La Fundaci\u00f3n Joaquim Molins Figueras, cuya actividad gira en torno a la acci\u00f3n social, celebra este a\u00f1o 2026 su 25\u00ba aniversario.\" \/>\n<meta property=\"og:url\" content=\"https:\/\/joaquimmolinsfigueras.org\/webnew\/2026\/03\/test\/\" \/>\n<meta property=\"og:site_name\" content=\"Fundaci\u00f3 Joaquim Molins Figueras\" \/>\n<meta property=\"article:publisher\" content=\"https:\/\/www.facebook.com\/FundacioJoaquimMolinsFigueras\/\" \/>\n<meta property=\"article:published_time\" content=\"2026-03-10T08:31:32+00:00\" \/>\n<meta property=\"article:modified_time\" content=\"2026-03-10T10:16:53+00:00\" \/>\n<meta property=\"og:image\" content=\"https:\/\/joaquimmolinsfigueras.org\/webnew\/wp-content\/uploads\/2022\/05\/logo-jmf.png\" \/>\n\t<meta property=\"og:image:width\" content=\"192\" \/>\n\t<meta property=\"og:image:height\" content=\"164\" \/>\n\t<meta property=\"og:image:type\" content=\"image\/png\" \/>\n<meta name=\"author\" content=\"Administrador\" \/>\n<meta name=\"twitter:card\" content=\"summary_large_image\" \/>\n<meta name=\"twitter:label1\" content=\"Escrito por\" \/>\n\t<meta name=\"twitter:data1\" content=\"Administrador\" \/>\n\t<meta name=\"twitter:label2\" content=\"Tiempo de lectura\" \/>\n\t<meta name=\"twitter:data2\" content=\"2 minutos\" \/>\n<script type=\"application\/ld+json\" class=\"yoast-schema-graph\">{\"@context\":\"https:\/\/schema.org\",\"@graph\":[{\"@type\":\"Article\",\"@id\":\"https:\/\/joaquimmolinsfigueras.org\/webnew\/2026\/03\/test\/#article\",\"isPartOf\":{\"@id\":\"https:\/\/joaquimmolinsfigueras.org\/webnew\/2026\/03\/test\/\"},\"author\":{\"name\":\"Administrador\",\"@id\":\"https:\/\/joaquimmolinsfigueras.org\/webnew\/#\/schema\/person\/9abf6d563fcc6ec46b001cb95844dcbe\"},\"headline\":\"La Fundaci\u00f3n Joaquim Molins Figueras celebra 25 a\u00f1os consolidando su impacto en la sociedad\",\"datePublished\":\"2026-03-10T08:31:32+00:00\",\"dateModified\":\"2026-03-10T10:16:53+00:00\",\"mainEntityOfPage\":{\"@id\":\"https:\/\/joaquimmolinsfigueras.org\/webnew\/2026\/03\/test\/\"},\"wordCount\":473,\"publisher\":{\"@id\":\"https:\/\/joaquimmolinsfigueras.org\/webnew\/#organization\"},\"inLanguage\":\"es\"},{\"@type\":\"WebPage\",\"@id\":\"https:\/\/joaquimmolinsfigueras.org\/webnew\/2026\/03\/test\/\",\"url\":\"https:\/\/joaquimmolinsfigueras.org\/webnew\/2026\/03\/test\/\",\"name\":\"La Fundaci\u00f3n Joaquim Molins Figueras celebra 25 a\u00f1os consolidando su impacto en la sociedad - Fundaci\u00f3 Joaquim Molins Figueras\",\"isPartOf\":{\"@id\":\"https:\/\/joaquimmolinsfigueras.org\/webnew\/#website\"},\"datePublished\":\"2026-03-10T08:31:32+00:00\",\"dateModified\":\"2026-03-10T10:16:53+00:00\",\"breadcrumb\":{\"@id\":\"https:\/\/joaquimmolinsfigueras.org\/webnew\/2026\/03\/test\/#breadcrumb\"},\"inLanguage\":\"es\",\"potentialAction\":[{\"@type\":\"ReadAction\",\"target\":[\"https:\/\/joaquimmolinsfigueras.org\/webnew\/2026\/03\/test\/\"]}]},{\"@type\":\"BreadcrumbList\",\"@id\":\"https:\/\/joaquimmolinsfigueras.org\/webnew\/2026\/03\/test\/#breadcrumb\",\"itemListElement\":[{\"@type\":\"ListItem\",\"position\":1,\"name\":\"Portada\",\"item\":\"https:\/\/joaquimmolinsfigueras.org\/webnew\/\"},{\"@type\":\"ListItem\",\"position\":2,\"name\":\"La Fundaci\u00f3n Joaquim Molins Figueras celebra 25 a\u00f1os consolidando su impacto en la sociedad\"}]},{\"@type\":\"WebSite\",\"@id\":\"https:\/\/joaquimmolinsfigueras.org\/webnew\/#website\",\"url\":\"https:\/\/joaquimmolinsfigueras.org\/webnew\/\",\"name\":\"Fundaci\u00f3n Joaqu\u00edn Molins Figueras\",\"description\":\"\",\"publisher\":{\"@id\":\"https:\/\/joaquimmolinsfigueras.org\/webnew\/#organization\"},\"potentialAction\":[{\"@type\":\"SearchAction\",\"target\":{\"@type\":\"EntryPoint\",\"urlTemplate\":\"https:\/\/joaquimmolinsfigueras.org\/webnew\/?s={search_term_string}\"},\"query-input\":\"required name=search_term_string\"}],\"inLanguage\":\"es\"},{\"@type\":\"Organization\",\"@id\":\"https:\/\/joaquimmolinsfigueras.org\/webnew\/#organization\",\"name\":\"Fundaci\u00f3n Joaqu\u00edn Molins Figueras\",\"url\":\"https:\/\/joaquimmolinsfigueras.org\/webnew\/\",\"logo\":{\"@type\":\"ImageObject\",\"inLanguage\":\"es\",\"@id\":\"https:\/\/joaquimmolinsfigueras.org\/webnew\/#\/schema\/logo\/image\/\",\"url\":\"https:\/\/joaquimmolinsfigueras.org\/webnew\/wp-content\/uploads\/2022\/05\/logo-jmf.png\",\"contentUrl\":\"https:\/\/joaquimmolinsfigueras.org\/webnew\/wp-content\/uploads\/2022\/05\/logo-jmf.png\",\"width\":192,\"height\":164,\"caption\":\"Fundaci\u00f3n Joaqu\u00edn Molins Figueras\"},\"image\":{\"@id\":\"https:\/\/joaquimmolinsfigueras.org\/webnew\/#\/schema\/logo\/image\/\"},\"sameAs\":[\"https:\/\/www.facebook.com\/FundacioJoaquimMolinsFigueras\/\"]},{\"@type\":\"Person\",\"@id\":\"https:\/\/joaquimmolinsfigueras.org\/webnew\/#\/schema\/person\/9abf6d563fcc6ec46b001cb95844dcbe\",\"name\":\"Administrador\",\"url\":\"https:\/\/joaquimmolinsfigueras.org\/webnew\/author\/molinsfig\/\"}]}<\/script>\n<!-- \/ Yoast SEO plugin. -->","yoast_head_json":{"title":"La Fundaci\u00f3n Joaquim Molins Figueras celebra 25 a\u00f1os consolidando su impacto en la sociedad - Fundaci\u00f3 Joaquim Molins Figueras","robots":{"index":"noindex","follow":"follow","max-snippet":"max-snippet:-1","max-image-preview":"max-image-preview:large","max-video-preview":"max-video-preview:-1"},"og_locale":"es_ES","og_type":"article","og_title":"La Fundaci\u00f3n Joaquim Molins Figueras celebra 25 a\u00f1os consolidando su impacto en la sociedad - Fundaci\u00f3 Joaquim Molins Figueras","og_description":"La Fundaci\u00f3n Joaquim Molins Figueras, cuya actividad gira en torno a la acci\u00f3n social, celebra este a\u00f1o 2026 su 25\u00ba aniversario.","og_url":"https:\/\/joaquimmolinsfigueras.org\/webnew\/2026\/03\/test\/","og_site_name":"Fundaci\u00f3 Joaquim Molins Figueras","article_publisher":"https:\/\/www.facebook.com\/FundacioJoaquimMolinsFigueras\/","article_published_time":"2026-03-10T08:31:32+00:00","article_modified_time":"2026-03-10T10:16:53+00:00","og_image":[{"width":192,"height":164,"url":"https:\/\/joaquimmolinsfigueras.org\/webnew\/wp-content\/uploads\/2022\/05\/logo-jmf.png","type":"image\/png"}],"author":"Administrador","twitter_card":"summary_large_image","twitter_misc":{"Escrito por":"Administrador","Tiempo de lectura":"2 minutos"},"schema":{"@context":"https:\/\/schema.org","@graph":[{"@type":"Article","@id":"https:\/\/joaquimmolinsfigueras.org\/webnew\/2026\/03\/test\/#article","isPartOf":{"@id":"https:\/\/joaquimmolinsfigueras.org\/webnew\/2026\/03\/test\/"},"author":{"name":"Administrador","@id":"https:\/\/joaquimmolinsfigueras.org\/webnew\/#\/schema\/person\/9abf6d563fcc6ec46b001cb95844dcbe"},"headline":"La Fundaci\u00f3n Joaquim Molins Figueras celebra 25 a\u00f1os consolidando su impacto en la sociedad","datePublished":"2026-03-10T08:31:32+00:00","dateModified":"2026-03-10T10:16:53+00:00","mainEntityOfPage":{"@id":"https:\/\/joaquimmolinsfigueras.org\/webnew\/2026\/03\/test\/"},"wordCount":473,"publisher":{"@id":"https:\/\/joaquimmolinsfigueras.org\/webnew\/#organization"},"inLanguage":"es"},{"@type":"WebPage","@id":"https:\/\/joaquimmolinsfigueras.org\/webnew\/2026\/03\/test\/","url":"https:\/\/joaquimmolinsfigueras.org\/webnew\/2026\/03\/test\/","name":"La Fundaci\u00f3n Joaquim Molins Figueras celebra 25 a\u00f1os consolidando su impacto en la sociedad - Fundaci\u00f3 Joaquim Molins Figueras","isPartOf":{"@id":"https:\/\/joaquimmolinsfigueras.org\/webnew\/#website"},"datePublished":"2026-03-10T08:31:32+00:00","dateModified":"2026-03-10T10:16:53+00:00","breadcrumb":{"@id":"https:\/\/joaquimmolinsfigueras.org\/webnew\/2026\/03\/test\/#breadcrumb"},"inLanguage":"es","potentialAction":[{"@type":"ReadAction","target":["https:\/\/joaquimmolinsfigueras.org\/webnew\/2026\/03\/test\/"]}]},{"@type":"BreadcrumbList","@id":"https:\/\/joaquimmolinsfigueras.org\/webnew\/2026\/03\/test\/#breadcrumb","itemListElement":[{"@type":"ListItem","position":1,"name":"Portada","item":"https:\/\/joaquimmolinsfigueras.org\/webnew\/"},{"@type":"ListItem","position":2,"name":"La Fundaci\u00f3n Joaquim Molins Figueras celebra 25 a\u00f1os consolidando su impacto en la sociedad"}]},{"@type":"WebSite","@id":"https:\/\/joaquimmolinsfigueras.org\/webnew\/#website","url":"https:\/\/joaquimmolinsfigueras.org\/webnew\/","name":"Fundaci\u00f3n Joaqu\u00edn Molins Figueras","description":"","publisher":{"@id":"https:\/\/joaquimmolinsfigueras.org\/webnew\/#organization"},"potentialAction":[{"@type":"SearchAction","target":{"@type":"EntryPoint","urlTemplate":"https:\/\/joaquimmolinsfigueras.org\/webnew\/?s={search_term_string}"},"query-input":"required name=search_term_string"}],"inLanguage":"es"},{"@type":"Organization","@id":"https:\/\/joaquimmolinsfigueras.org\/webnew\/#organization","name":"Fundaci\u00f3n Joaqu\u00edn Molins Figueras","url":"https:\/\/joaquimmolinsfigueras.org\/webnew\/","logo":{"@type":"ImageObject","inLanguage":"es","@id":"https:\/\/joaquimmolinsfigueras.org\/webnew\/#\/schema\/logo\/image\/","url":"https:\/\/joaquimmolinsfigueras.org\/webnew\/wp-content\/uploads\/2022\/05\/logo-jmf.png","contentUrl":"https:\/\/joaquimmolinsfigueras.org\/webnew\/wp-content\/uploads\/2022\/05\/logo-jmf.png","width":192,"height":164,"caption":"Fundaci\u00f3n Joaqu\u00edn Molins Figueras"},"image":{"@id":"https:\/\/joaquimmolinsfigueras.org\/webnew\/#\/schema\/logo\/image\/"},"sameAs":["https:\/\/www.facebook.com\/FundacioJoaquimMolinsFigueras\/"]},{"@type":"Person","@id":"https:\/\/joaquimmolinsfigueras.org\/webnew\/#\/schema\/person\/9abf6d563fcc6ec46b001cb95844dcbe","name":"Administrador","url":"https:\/\/joaquimmolinsfigueras.org\/webnew\/author\/molinsfig\/"}]}},"_links":{"self":[{"href":"https:\/\/joaquimmolinsfigueras.org\/webnew\/wp-json\/wp\/v2\/posts\/2528"}],"collection":[{"href":"https:\/\/joaquimmolinsfigueras.org\/webnew\/wp-json\/wp\/v2\/posts"}],"about":[{"href":"https:\/\/joaquimmolinsfigueras.org\/webnew\/wp-json\/wp\/v2\/types\/post"}],"author":[{"embeddable":true,"href":"https:\/\/joaquimmolinsfigueras.org\/webnew\/wp-json\/wp\/v2\/users\/1"}],"replies":[{"embeddable":true,"href":"https:\/\/joaquimmolinsfigueras.org\/webnew\/wp-json\/wp\/v2\/comments?post=2528"}],"version-history":[{"count":7,"href":"https:\/\/joaquimmolinsfigueras.org\/webnew\/wp-json\/wp\/v2\/posts\/2528\/revisions"}],"predecessor-version":[{"id":2540,"href":"https:\/\/joaquimmolinsfigueras.org\/webnew\/wp-json\/wp\/v2\/posts\/2528\/revisions\/2540"}],"wp:attachment":[{"href":"https:\/\/joaquimmolinsfigueras.org\/webnew\/wp-json\/wp\/v2\/media?parent=2528"}],"wp:term":[{"taxonomy":"category","embeddable":true,"href":"https:\/\/joaquimmolinsfigueras.org\/webnew\/wp-json\/wp\/v2\/categories?post=2528"},{"taxonomy":"post_tag","embeddable":true,"href":"https:\/\/joaquimmolinsfigueras.org\/webnew\/wp-json\/wp\/v2\/tags?post=2528"}],"curies":[{"name":"wp","href":"https:\/\/api.w.org\/{rel}","templated":true}]}}